{"id":5252,"date":"2019-04-23T18:08:44","date_gmt":"2019-04-23T21:08:44","guid":{"rendered":"https:\/\/blog.waycarbon.com\/?p=5252"},"modified":"2019-04-23T18:08:44","modified_gmt":"2019-04-23T21:08:44","slug":"chuvas-eventos-climaticos-extremos","status":"publish","type":"post","link":"https:\/\/waycarbon.com\/pt\/blog\/chuvas-eventos-climaticos-extremos\/","title":{"rendered":"Chuvas, eventos clim\u00e1ticos extremos e a necessidade de adapta\u00e7\u00e3o"},"content":{"rendered":"<p style=\"text-align: justify\"><span style=\"color: #000000\">Com o avan\u00e7o da mudan\u00e7a do clima, j\u00e1 percebemos algumas de suas consequ\u00eancias pelo mundo, inclusive nas cidades brasileiras. Chuvas intensas, como as que ocorreram no Rio de Janeiro e Bras\u00edlia no m\u00eas de abril e em S\u00e3o Paulo em mar\u00e7o acompanhadas de danos \u00e0 infraestrutura urbana e risco \u00e0 seguran\u00e7a, v\u00eam se tornando cada vez mais comuns. E, caso medidas de adapta\u00e7\u00e3o aos eventos clim\u00e1ticos n\u00e3o sejam integradas aos planos de governo municipais, a popula\u00e7\u00e3o ser\u00e1 afetada de v\u00e1rias formas.<\/span><\/p>\n<p style=\"text-align: justify\"><span style=\"color: #000000\">Cada localidade ir\u00e1 responder de modo diferente \u00e0s altera\u00e7\u00f5es clim\u00e1ticas. O n\u00edvel de preju\u00edzos gerados depender\u00e1 do grau de adapta\u00e7\u00e3o e resili\u00eancia da infraestrutura urbana, bem como da rapidez de tomada de decis\u00e3o pelos governos. Mas, sabia que \u00e9 poss\u00edvel gerenciar essas consequ\u00eancias por meio da an\u00e1lise de vulnerabilidade clim\u00e1tica e de um Plano de Adapta\u00e7\u00e3o?<\/span><\/p>\n<p style=\"text-align: justify\"><span style=\"color: #000000\">Continue acompanhando o texto abaixo para entender como isso pode ser feito.\u00a0<\/span><\/p>\n<h2 style=\"text-align: justify\"><span style=\"color: #000000\">Eventos clim\u00e1ticos: a maior chuva em 22 anos no Rio de Janeiro<\/span><\/h2>\n<p style=\"text-align: justify\"><span style=\"color: #000000\">Nas \u00faltimas semanas, acompanhamos os desdobramentos tr\u00e1gicos de um temporal no Rio de Janeiro. Segundo o sistema Alerta Rio, da Prefeitura da cidade, a chuva que ocorreu entre o fim da tarde do dia 8 de abril e o in\u00edcio da manh\u00e3 do dia 9 foi a mais intensa em 22 anos. Em apenas 4 horas de chuva, a precipita\u00e7\u00e3o foi superior ao dobro da m\u00e9dia para o m\u00eas de abril na Zona Sul e no Jardim Bot\u00e2nico.\u00a0<\/span><\/p>\n<p style=\"text-align: justify\"><span style=\"color: #000000\">Em 24 horas, a precipita\u00e7\u00e3o m\u00e9dia foi de quase 190 mm. A situa\u00e7\u00e3o foi ainda pior na Rocinha, onde foram registrados 343,4 mm, e na Barra da Tijuca, com 335,2 mm.<\/span><\/p>\n<p style=\"text-align: justify\"><span style=\"color: #000000\">V\u00e1rios pontos da cidade ficaram alagados. Em alguns deles, a \u00fanica forma de circular era por meio de barcos. Carros foram submersos, casas foram inundadas e um trecho da ciclovia Tim Maia caiu, sendo esse o quarto desabamento desde 2016. Nessa situa\u00e7\u00e3o ca\u00f3tica, dez pessoas morreram. As aulas tiveram que ser canceladas e a prefeitura acendeu o alerta de crise para n\u00edvel 3, que \u00e9 o m\u00e1ximo.<\/span><\/p>\n<p style=\"text-align: justify\"><span style=\"color: #000000\">O climatologista Carlos Nobre, pesquisador do Instituto Nacional de Pesquisas Espaciais (INPE), chama a aten\u00e7\u00e3o para a tend\u00eancia de aumento das m\u00e9dias de temperatura no Brasil. No Rio de Janeiro, a temperatura m\u00e9dia j\u00e1 est\u00e1 entre 1,5\u00baC e 2\u00baC mais quente que 100 anos atr\u00e1s. O pesquisador F\u00e1bio Polifke, do Centro de Opera\u00e7\u00f5es do Rio, aponta que j\u00e1 \u00e9 percebido o aumento da ocorr\u00eancia de eventos extremos na cidade do Rio de Janeiro. E as chuvas fortes ser\u00e3o cada vez mais frequentes nas pr\u00f3ximas d\u00e9cadas!<\/span><\/p>\n<p style=\"text-align: justify\"><span style=\"color: #000000\">Al\u00e9m das precipita\u00e7\u00f5es intensas, as ondas de calor tamb\u00e9m se tornar\u00e3o mais comuns, como mostrado em <a style=\"color: #000000\" href=\"https:\/\/journals.plos.org\/plosmedicine\/article?id=10.1371\/journal.pmed.1002629#pmed.1002629.ref001\" rel=\"nofollow noopener\" target=\"_blank\">estudo<\/a> de pesquisadores da Monash University. Caso n\u00e3o sejam tra\u00e7adas estrat\u00e9gias para lidar com esses eventos, as mortes causadas pelo calor extremo aumentar\u00e3o, sendo Col\u00f4mbia, Filipinas e Brasil os pa\u00edses mais afetados nas pr\u00f3ximas d\u00e9cadas. A popula\u00e7\u00e3o mais pobre, al\u00e9m de idosos e crian\u00e7as s\u00e3o os mais vulner\u00e1veis.<\/span><\/p>\n<p style=\"text-align: justify\"><span style=\"color: #000000\">No m\u00eas de mar\u00e7o, a cidade de S\u00e3o Paulo tamb\u00e9m foi afetada por um evento extremo, quando 13 pessoas morreram em decorr\u00eancia de temporais. A s\u00e9rie hist\u00f3rica da cidade mostra que as tempestades t\u00eam sido mais frequentes e intensas ao longo das \u00faltimas d\u00e9cadas.<\/span><\/p>\n<p style=\"text-align: justify\"><span style=\"color: #000000\">E, ainda neste fim de semana, fortes chuvas atingiram o Distrito Federal, com destaque para a cidade de Bras\u00edlia. Rodovias foram alagadas e fechadas, salas da Universidade Federal de Bras\u00edlia (UnB) tiveram de ser interditadas devido a alagamento, \u00e1rvores foram derrubadas e o aeroporto internacional da capital ficou fechado por cerca de 20 minutos para pousos e decolagens. Segundo o Instituto Nacional de Meterologia (Inmet), a m\u00e9dia hist\u00f3rica de chuvas em Bras\u00edlia \u00e9 de 133,4 mil\u00edmetros. Por\u00e9m, em uma semana, o acumulado do m\u00eas chegou a 292 mil\u00edmetros, ou seja 119,5% a mais do que o esperado.<\/span><\/p>\n<p style=\"text-align: justify\"><span style=\"color: #000000\">Portanto, \u00e9 urgente que as cidades se preparem para lidar com as fortes chuvas e outros eventos extremos que ser\u00e3o potencializados pelas mudan\u00e7as do clima. A fim de evitar perdas de vidas humanas, danos \u00e0 infraestrutura e preju\u00edzos financeiros, s\u00e3o necess\u00e1rios investimentos em pesquisa, redes de monitoramento do clima e sistemas de alertas e preven\u00e7\u00e3o de desastres. Um Plano de Adapta\u00e7\u00e3o \u00e0 Mudan\u00e7a do Clima \u00e9 fundamental.<\/span><\/p>\n<h2 style=\"text-align: justify\"><span style=\"color: #000000\">Eleva\u00e7\u00e3o da temperatura: um assunto em pauta desde o s\u00e9culo XIX<\/span><\/h2>\n<p style=\"text-align: justify\"><span style=\"color: #000000\">Apesar de nos \u00faltimos anos os efeitos das mudan\u00e7as do clima estarem se tornando cada vez mais evidentes, a discuss\u00e3o quanto \u00e0 tend\u00eancia de eleva\u00e7\u00e3o da temperatura m\u00e9dia global j\u00e1 existia no s\u00e9culo XIX.<\/span><\/p>\n<p style=\"text-align: justify\"><span style=\"color: #000000\">O primeiro cientista a relacionar o aquecimento da atmosfera \u00e0 emiss\u00e3o de gases de efeito estufa foi o franc\u00eas Jean Baptiste Fourier, em 1827. No Brasil, o tema repercutiu em 1957, quando o f\u00edsico Joseph Kaplan, da Universidade da Calif\u00f3rnia, publicou um artigo em um jornal norte-americano, que foi not\u00edcia na Folha da Noite, atual Folha de S\u00e3o Paulo.<\/span><\/p>\n<p style=\"text-align: justify\"><span style=\"color: #000000\">Naquela \u00e9poca, o pesquisador relacionou a queima de combust\u00edveis f\u00f3sseis ao aquecimento da atmosfera, al\u00e9m de alertar para o derretimento das calotas polares e eleva\u00e7\u00e3o do n\u00edvel dos mares em um prazo de 50 a 60 anos, ou seja, os dias de hoje. Certo \u00e9 que fizemos muito pouco para nos prepararmos aos impactos da mudan\u00e7a do clima, mesmo j\u00e1 tendo informa\u00e7\u00f5es como essas h\u00e1 d\u00e9cadas!<\/span><\/p>\n<h2 style=\"text-align: justify\"><span style=\"color: #000000\">An\u00e1lise de vulnerabilidade clim\u00e1tica: uma ferramenta de controle e preven\u00e7\u00e3o de riscos<\/span><\/h2>\n<p style=\"text-align: justify\"><span style=\"color: #000000\">O futuro, que parecia t\u00e3o distante, j\u00e1 est\u00e1 mais pr\u00f3ximo do que nunca. Os recentes temporais nas principais cidades do Brasil como os vivenciados no Rio de Janeiro, em S\u00e3o Paulo e em Bras\u00edlia s\u00e3o mais uma evid\u00eancia de que a mudan\u00e7a do clima j\u00e1 est\u00e1 acontecendo. Por isso, planejar medidas de adapta\u00e7\u00e3o \u00e0 mudan\u00e7a clim\u00e1tica \u00e9 urgente, o que j\u00e1 vem sendo feito por algumas capitais brasileiras.<\/span><\/p>\n<p style=\"text-align: justify\"><span style=\"color: #000000\">Em estudo de vulnerabilidade clim\u00e1tica feito pela WayCarbon para o munic\u00edpio de Belo Horizonte, foi identificado que 42% dos bairros da capital mineira j\u00e1 se encontram em situa\u00e7\u00e3o de fragilidade frente aos fatores do clima, principalmente chuvas e calor. Se pol\u00edticas p\u00fablicas n\u00e3o forem imediatamente criadas para reverter essa situa\u00e7\u00e3o, a vulnerabilidade da cidade a chuvas torrenciais, deslizamentos, alagamentos, calor extremo e at\u00e9 mesmo dengue pode aumentar significativamente at\u00e9 2030.<\/span><\/p>\n<p style=\"text-align: justify\"><span style=\"color: #000000\">Al\u00e9m de Belo Horizonte, a WayCarbon est\u00e1 desenvolvendo o estudo de vulnerabilidade clim\u00e1tica da cidade do Recife e apoiar\u00e1 estudos similares nas cidades do Rio de Janeiro, S\u00e3o Paulo, Curitiba e Salvador pelo Programa Climate Action Planning (CAP) da organiza\u00e7\u00e3o C40. Foi entregue tamb\u00e9m um estudo similar para as infraestruturas cr\u00edticas do Brasil ao Governo Federal.<\/span><\/p>\n<p style=\"text-align: justify\"><span style=\"color: #000000\">Tais estudos s\u00e3o de grande relev\u00e2ncia para o planejamento estrat\u00e9gico das cidades para os pr\u00f3ximos anos, principalmente quando fazem parte de um Plano de Adapta\u00e7\u00e3o, pois as a\u00e7\u00f5es poss\u00edveis de adapta\u00e7\u00e3o s\u00e3o detalhadas. Elas podem vir de diversas formas, como: melhorias na drenagem urbana, melhor planejamento do uso e ocupa\u00e7\u00e3o do solo e gerenciamento de res\u00edduos s\u00f3lidos, al\u00e9m do desenvolvimento de sistemas de alerta a eventos extremos e at\u00e9 mesmo investimentos em educa\u00e7\u00e3o e sa\u00fade.<\/span><\/p>\n<h3 style=\"text-align: justify\"><span style=\"color: #000000\">MOVE: uma poderosa ferramenta para an\u00e1lise de vulnerabilidade e adapta\u00e7\u00e3o<\/span><\/h3>\n<p style=\"text-align: justify\"><span style=\"color: #000000\">A WayCarbon desenvolveu o <a style=\"color: #000000\" href=\"https:\/\/waycarbon.com\/move\/\">MOVE<\/a> \u2013 <em>Model for Vulnerability Evaluation<\/em>, plataforma digital integrada de avalia\u00e7\u00e3o da vulnerabilidade e riscos associados \u00e0 mudan\u00e7a do clima.. O modelo \u00e9 capaz de produzir mapas georreferenciados e estat\u00edsticas de base, os quais apontam os principais fatores de vulnerabilidade a que uma \u00e1rea estar\u00e1 submetida em decorr\u00eancia dos eventos clim\u00e1ticos.<\/span><\/p>\n<p style=\"text-align: justify\"><span style=\"color: #000000\">A <a style=\"color: #000000\" href=\"https:\/\/blog.waycarbon.com\/2018\/01\/analise-de-vulnerabilidade-climatica\/\">an\u00e1lise de vulnerabilidade<\/a> avalia o grau de suscetibilidade e a capacidade de um sistema de lidar com situa\u00e7\u00f5es adversas relacionadas \u00e0 mudan\u00e7a do clima. De posse dessas informa\u00e7\u00f5es, os governantes t\u00eam uma melhor base para realizar o planejamento territorial. Assim, pode-se identificar o qu\u00e3o fr\u00e1gil uma regi\u00e3o estar\u00e1 e quais as medidas de adapta\u00e7\u00e3o dever\u00e3o ser adotadas.<\/span><\/p>\n<p style=\"text-align: justify\"><span style=\"color: #000000\">O MOVE pode ser aplicado n\u00e3o s\u00f3 no setor p\u00fablico, mas tamb\u00e9m no privado. Muitas empresas j\u00e1 est\u00e3o atentas \u00e0 necessidade de incluir medidas de mitiga\u00e7\u00e3o e adapta\u00e7\u00e3o \u00e0 mudan\u00e7a do clima em seu planejamento estrat\u00e9gico, de forma a se prepararem para um cen\u00e1rio diferente do atual.<\/span><\/p>\n<p style=\"text-align: justify\"><span style=\"color: #000000\">Como vimos, os efeitos da mudan\u00e7a do clima j\u00e1 podem ser identificados no Brasil e se tornar\u00e3o mais frequentes nos pr\u00f3ximos anos. A fim de reduzir suas consequ\u00eancias, \u00e9 preciso tornar as medidas de adapta\u00e7\u00e3o uma prioridade nos setores p\u00fablico e privado desde j\u00e1. Nesse cen\u00e1rio, a an\u00e1lise de vulnerabilidade clim\u00e1tica tem o importante papel de fornecer informa\u00e7\u00f5es relevantes para a tomada de decis\u00e3o e garantir maior seguran\u00e7a \u00e0 popula\u00e7\u00e3o.<\/span><\/p>\n","protected":false},"excerpt":{"rendered":"<p>Com o avan\u00e7o da mudan\u00e7a do clima, j\u00e1 percebemos algumas de suas consequ\u00eancias pelo mundo, inclusive nas cidades brasileiras. Chuvas intensas, como as que ocorreram no Rio de Janeiro e Bras\u00edlia no m\u00eas de abril e em S\u00e3o Paulo em mar\u00e7o acompanhadas de danos \u00e0 infraestrutura urbana e risco \u00e0 seguran\u00e7a, v\u00eam se tornando cada [&hellip;]<\/p>\n","protected":false},"author":2,"featured_media":5255,"comment_status":"open","ping_status":"open","sticky":false,"template":"","format":"standard","meta":{"_acf_changed":false,"footnotes":""},"categories":[99],"tags":[34,211,233,234,38],"class_list":["post-5252","post","type-post","status-publish","format-standard","has-post-thumbnail","hentry","category-impactos-ambientais","tag-adaptacao","tag-analise-de-vulnerabilidade","tag-eventos-climaticos-extremos","tag-plano-de-adaptacao","tag-vulnerabilidade"],"acf":[],"_links":{"self":[{"href":"https:\/\/waycarbon.com\/pt\/wp-json\/wp\/v2\/posts\/5252","targetHints":{"allow":["GET"]}}],"collection":[{"href":"https:\/\/waycarbon.com\/pt\/wp-json\/wp\/v2\/posts"}],"about":[{"href":"https:\/\/waycarbon.com\/pt\/wp-json\/wp\/v2\/types\/post"}],"author":[{"embeddable":true,"href":"https:\/\/waycarbon.com\/pt\/wp-json\/wp\/v2\/users\/2"}],"replies":[{"embeddable":true,"href":"https:\/\/waycarbon.com\/pt\/wp-json\/wp\/v2\/comments?post=5252"}],"version-history":[{"count":0,"href":"https:\/\/waycarbon.com\/pt\/wp-json\/wp\/v2\/posts\/5252\/revisions"}],"wp:featuredmedia":[{"embeddable":true,"href":"https:\/\/waycarbon.com\/pt\/wp-json\/wp\/v2\/media\/5255"}],"wp:attachment":[{"href":"https:\/\/waycarbon.com\/pt\/wp-json\/wp\/v2\/media?parent=5252"}],"wp:term":[{"taxonomy":"category","embeddable":true,"href":"https:\/\/waycarbon.com\/pt\/wp-json\/wp\/v2\/categories?post=5252"},{"taxonomy":"post_tag","embeddable":true,"href":"https:\/\/waycarbon.com\/pt\/wp-json\/wp\/v2\/tags?post=5252"}],"curies":[{"name":"wp","href":"https:\/\/api.w.org\/{rel}","templated":true}]}}