{"id":12633,"date":"2026-08-28T15:34:04","date_gmt":"2026-08-28T18:34:04","guid":{"rendered":"https:\/\/waycarbon.com\/pt\/?p=12633"},"modified":"2026-08-31T15:38:30","modified_gmt":"2026-08-31T18:38:30","slug":"novo-documento-traz-esclarecimentos-sobre-a-resolucao-cvm-244","status":"publish","type":"post","link":"https:\/\/waycarbon.com\/pt\/blog\/novo-documento-traz-esclarecimentos-sobre-a-resolucao-cvm-244\/","title":{"rendered":"Novo of\u00edcio traz esclarecimentos sobre a Resolu\u00e7\u00e3o CVM 244"},"content":{"rendered":"\n<p class=\"wp-block-paragraph\"><\/p>\n\n\n\n<p class=\"wp-block-paragraph\">A Comiss\u00e3o de Valores Mobili\u00e1rios (CVM) trouxe novos esclarecimentos sobre a aplica\u00e7\u00e3o da Resolu\u00e7\u00e3o CVM 244, que tornou facultativa a divulga\u00e7\u00e3o de informa\u00e7\u00f5es de sustentabilidade por companhias abertas. O Of\u00edcio-Circular n\u00ba 2\/2026\/CVM\/SNC\/SEP, publicado em 27 de agosto, detalha expectativas regulat\u00f3rias e regras de transi\u00e7\u00e3o que devem orientar as decis\u00f5es das empresas nos pr\u00f3ximos ciclos de reporte.<\/p>\n\n\n\n<p class=\"wp-block-paragraph\">Para nossos especialistas, os principais pontos do <a href=\"https:\/\/conteudo.cvm.gov.br\/legislacao\/oficios-circulares\/snc-sep\/oc-snc-gnc-0226.html\" rel=\"nofollow noopener\" target=\"_blank\">documento<\/a> envolvem:<\/p>\n\n\n\n<ul class=\"wp-block-list\">\n<li><strong>&#8220;Pratique ou Explique&#8221; a partir de 2027<\/strong><\/li>\n<\/ul>\n\n\n\n<p class=\"wp-block-paragraph\">Companhias que optarem por n\u00e3o arquivar o relat\u00f3rio dever\u00e3o publicar comunicado ao mercado justificando a decis\u00e3o, at\u00e9 o arquivamento das demonstra\u00e7\u00f5es financeiras.  E a CVM sinaliza que justificativas gen\u00e9ricas ser\u00e3o consideradas insuficientes.<\/p>\n\n\n\n<ul class=\"wp-block-list\">\n<li><strong>Sem obriga\u00e7\u00e3o de continuidade retroativa<\/strong><\/li>\n<\/ul>\n\n\n\n<p class=\"wp-block-paragraph\">Quem divulgou voluntariamente sob a reda\u00e7\u00e3o antiga n\u00e3o \u00e9 obrigado a manter a divulga\u00e7\u00e3o nos exerc\u00edcios seguintes, salvo se continuar com base em exerc\u00edcios iniciados a partir de 01\/01\/2026.<\/p>\n\n\n\n<ul class=\"wp-block-list\">\n<li><strong>Flexibiliza\u00e7\u00f5es de ado\u00e7\u00e3o inicial estendidas<\/strong><\/li>\n<\/ul>\n\n\n\n<p class=\"wp-block-paragraph\">Empresas que aderiram sob o regime antigo podem estender o uso dos al\u00edvios de transi\u00e7\u00e3o at\u00e9 o exerc\u00edcio 2026, mediante nota explicativa de desconformidade. Sob o novo regime, o al\u00edvio vale s\u00f3 no primeiro ano de ado\u00e7\u00e3o. <\/p>\n\n\n\n<p class=\"wp-block-paragraph\">&#8220;Esse contexto refor\u00e7a nossa tese de que o desafio deixou de ser apenas t\u00e9cnico. Tornou-se uma quest\u00e3o de posicionamento. O foco desse novo momento \u00e9 a qualidade da decis\u00e3o corporativa e a clareza da comunica\u00e7\u00e3o ao mercado. Seja para reportar em alinhamento aos padr\u00f5es CBPS\/ISSB, seja para optar por n\u00e3o arquivar um relat\u00f3rio, as organiza\u00e7\u00f5es precisar\u00e3o demonstrar consist\u00eancia entre estrat\u00e9gia, governan\u00e7a, materialidade e transpar\u00eancia&#8221;, explica Ra\u00edssa Urzedo, Gerente de Estrat\u00e9gia ESG na WayCarbon.<\/p>\n\n\n\n<p class=\"wp-block-paragraph\">Aproveitando o tema, confira o artigo de encerramento da s\u00e9rie sobre as normas IFRS S1 e S2, assinado por Alexandre Fioravante, Beatriz Giglio e Jo\u00e3o Souza, da equipe de Estrat\u00e9gia ESG, que avalia a dimens\u00e3o de <a href=\"https:\/\/waycarbon.com\/pt\/blog\/por-que-metricas-e-metas-sao-importantes-mesmo-com-a-cvm-244\/\">m\u00e9tricas e metas<\/a>.<\/p>\n\n\n\n<p class=\"wp-block-paragraph\">A WayCarbon apoia grandes empresas de setores como energia, siderurgia e infraestrutura a navegarem por esse cen\u00e1rio com robustez e seguran\u00e7a. <a href=\"https:\/\/conteudo.waycarbon.com\/lp-ifrs-s1-s2\">Entre em contato com nossos especialistas.<\/a><\/p>\n\n\n\n<p class=\"wp-block-paragraph\"><br><\/p>\n","protected":false},"excerpt":{"rendered":"<p>A Comiss\u00e3o de Valores Mobili\u00e1rios (CVM) trouxe novos esclarecimentos sobre a aplica\u00e7\u00e3o da Resolu\u00e7\u00e3o CVM 244, que tornou facultativa a divulga\u00e7\u00e3o de informa\u00e7\u00f5es de sustentabilidade por companhias abertas. O Of\u00edcio-Circular n\u00ba 2\/2026\/CVM\/SNC\/SEP, publicado em 27 de agosto, detalha expectativas regulat\u00f3rias e regras de transi\u00e7\u00e3o que devem orientar as decis\u00f5es das empresas nos pr\u00f3ximos ciclos de [&hellip;]<\/p>\n","protected":false},"author":2,"featured_media":12643,"comment_status":"closed","ping_status":"closed","sticky":false,"template":"","format":"standard","meta":{"_acf_changed":false,"footnotes":""},"categories":[1],"tags":[],"class_list":["post-12633","post","type-post","status-publish","format-standard","has-post-thumbnail","hentry","category-uncategorized"],"acf":[],"_links":{"self":[{"href":"https:\/\/waycarbon.com\/pt\/wp-json\/wp\/v2\/posts\/12633","targetHints":{"allow":["GET"]}}],"collection":[{"href":"https:\/\/waycarbon.com\/pt\/wp-json\/wp\/v2\/posts"}],"about":[{"href":"https:\/\/waycarbon.com\/pt\/wp-json\/wp\/v2\/types\/post"}],"author":[{"embeddable":true,"href":"https:\/\/waycarbon.com\/pt\/wp-json\/wp\/v2\/users\/2"}],"replies":[{"embeddable":true,"href":"https:\/\/waycarbon.com\/pt\/wp-json\/wp\/v2\/comments?post=12633"}],"version-history":[{"count":11,"href":"https:\/\/waycarbon.com\/pt\/wp-json\/wp\/v2\/posts\/12633\/revisions"}],"predecessor-version":[{"id":12668,"href":"https:\/\/waycarbon.com\/pt\/wp-json\/wp\/v2\/posts\/12633\/revisions\/12668"}],"wp:featuredmedia":[{"embeddable":true,"href":"https:\/\/waycarbon.com\/pt\/wp-json\/wp\/v2\/media\/12643"}],"wp:attachment":[{"href":"https:\/\/waycarbon.com\/pt\/wp-json\/wp\/v2\/media?parent=12633"}],"wp:term":[{"taxonomy":"category","embeddable":true,"href":"https:\/\/waycarbon.com\/pt\/wp-json\/wp\/v2\/categories?post=12633"},{"taxonomy":"post_tag","embeddable":true,"href":"https:\/\/waycarbon.com\/pt\/wp-json\/wp\/v2\/tags?post=12633"}],"curies":[{"name":"wp","href":"https:\/\/api.w.org\/{rel}","templated":true}]}}