{"id":12628,"date":"2026-08-27T13:44:12","date_gmt":"2026-08-27T16:44:12","guid":{"rendered":"https:\/\/waycarbon.com\/pt\/?p=12628"},"modified":"2026-08-27T13:44:14","modified_gmt":"2026-08-27T16:44:14","slug":"plano-clima-licoes-praticas-para-empresas-e-governos","status":"publish","type":"post","link":"https:\/\/waycarbon.com\/pt\/blog\/plano-clima-licoes-praticas-para-empresas-e-governos\/","title":{"rendered":"Plano Clima: li\u00e7\u00f5es pr\u00e1ticas para empresas e governos"},"content":{"rendered":"\n<p class=\"wp-block-paragraph\"><\/p>\n\n\n\n<p class=\"wp-block-paragraph\">Lan\u00e7ado em mar\u00e7o de 2026, o Plano Clima \u00e9 um dos principais instrumentos operacionais do governo brasileiro para orientar a transi\u00e7\u00e3o do pa\u00eds em dire\u00e7\u00e3o a uma economia de baixo carbono. Al\u00e9m disso, estabelece diretrizes para que governos e o setor produtivo possam se adaptar aos impactos da mudan\u00e7a do clima.<\/p>\n\n\n\n<p class=\"wp-block-paragraph\">A WayCarbon integrou o grupo de consultorias respons\u00e1veis pelo apoio t\u00e9cnico ao Plano Clima, com atua\u00e7\u00e3o em duas frentes:<\/p>\n\n\n\n<ul class=\"wp-block-list\">\n<li>Estrutura\u00e7\u00e3o do Plano de Adapta\u00e7\u00e3o Setorial de Ind\u00fastria e Minera\u00e7\u00e3o, contribuindo para a identifica\u00e7\u00e3o de riscos e defini\u00e7\u00e3o de indicadores e a\u00e7\u00f5es de adapta\u00e7\u00e3o;<\/li>\n\n\n\n<li>Desenvolvimento das Estrat\u00e9gias Transversais para a A\u00e7\u00e3o Clim\u00e1tica de Educa\u00e7\u00e3o, Capacita\u00e7\u00e3o, Pesquisa, Desenvolvimento e Inova\u00e7\u00e3o e de Meios de Implementa\u00e7\u00e3o.<\/li>\n<\/ul>\n\n\n\n<p class=\"wp-block-paragraph\">Nas frentes citadas, conduzimos diagn\u00f3sticos, entrevistas e a sistematiza\u00e7\u00e3o das a\u00e7\u00f5es setoriais do Plano. Este artigo compartilha as principais li\u00e7\u00f5es aprendidas ao longo desse processo, al\u00e9m de destacar como empresas, munic\u00edpios e estados podem transformar as diretrizes do Plano em oportunidades pr\u00e1ticas de atua\u00e7\u00e3o.<\/p>\n\n\n\n<h2 class=\"wp-block-heading\">Diretrizes para o setor p\u00fablico<\/h2>\n\n\n\n<p class=\"wp-block-paragraph\">O Plano Clima funciona como um direcionador para estados e munic\u00edpios que ainda n\u00e3o det\u00eam um Plano de A\u00e7\u00e3o Clim\u00e1tica. Ele oferece um ponto de partida, ao mapear riscos, sugerir a\u00e7\u00f5es e apresentar governan\u00e7a, responsabilidades e acesso a informa\u00e7\u00f5es. Al\u00e9m de fortalecer a integra\u00e7\u00e3o entre setores e direcionar agenda pautada por princ\u00edpios como o desenvolvimento sustent\u00e1vel e a justi\u00e7a clim\u00e1tica.<\/p>\n\n\n\n<p class=\"wp-block-paragraph\">Cabe destacar que a iniciativa tamb\u00e9m envolver\u00e1 uma estrat\u00e9gia robusta de monitoramento de indicadores, elemento essencial para o sucesso de qualquer a\u00e7\u00e3o clim\u00e1tica.<\/p>\n\n\n\n<h2 class=\"wp-block-heading\">Por que importa para o setor privado?<\/h2>\n\n\n\n<p class=\"wp-block-paragraph\">Mesmo tratando-se de uma iniciativa p\u00fablica, a constru\u00e7\u00e3o do Plano teve forte colabora\u00e7\u00e3o do setor produtivo. Por meio de associa\u00e7\u00f5es setoriais e de contribui\u00e7\u00f5es em marcos estrat\u00e9gicos, como as consultas p\u00fablicas, as empresas participaram ativamente do processo.<\/p>\n\n\n\n<p class=\"wp-block-paragraph\">Como espinha dorsal da agenda clim\u00e1tica nacional, o Plano direciona a\u00e7\u00f5es para diversos setores, como transportes e agropecu\u00e1ria, reduzirem suas emiss\u00f5es de gases de efeito estufa, em alinhamento com a NDC brasileira, al\u00e9m de consolidar iniciativas de adapta\u00e7\u00e3o para o pa\u00eds.<\/p>\n\n\n\n<p class=\"wp-block-paragraph\">O trabalho tamb\u00e9m contextualiza os principais riscos clim\u00e1ticos aos quais cada setor est\u00e1 exposto, al\u00e9m de oferecer acesso aos desafios e \u00e0s metas de setores relacionados \u00e0 cadeia de valor. Isso permite, por exemplo, que empresas intensivas em energia ou \u00e1gua compreendam melhor como esses setores est\u00e3o se preparando para os cen\u00e1rios futuros de mudan\u00e7a do clima e ajustem suas pr\u00f3prias estrat\u00e9gias.<\/p>\n\n\n\n<p class=\"wp-block-paragraph\">Al\u00e9m disso, muitas a\u00e7\u00f5es ocorrer\u00e3o no n\u00edvel local, tornando o engajamento do setor privado essencial, tanto na implementa\u00e7\u00e3o quanto no financiamento das solu\u00e7\u00f5es. Vale refor\u00e7ar que as empresas est\u00e3o nos territ\u00f3rios e podem atuar de forma integrada com o setor p\u00fablico, gerando escala e acelerando resultados.<\/p>\n\n\n\n<h2 class=\"wp-block-heading\">Desafios e aprendizados<\/h2>\n\n\n\n<p class=\"wp-block-paragraph\">Um dos principais acertos do Plano foi a articula\u00e7\u00e3o interministerial, que envolveu 25 pastas sob coordena\u00e7\u00e3o da Casa Civil, do Minist\u00e9rio do Meio Ambiente e Mudan\u00e7a do Clima (MMA), em parceria com o Minist\u00e9rio da Ci\u00eancia, Tecnologia e Inova\u00e7\u00e3o (MCTI).<\/p>\n\n\n\n<p class=\"wp-block-paragraph\">Se, por um lado, a pluralidade de perspectivas foi indispens\u00e1vel para a solidez do plano, por outro exigiu um esfor\u00e7o significativo de articula\u00e7\u00e3o. Nesse contexto, as etapas de capacita\u00e7\u00e3o foram cruciais. Por meio de oficinas, foi poss\u00edvel garantir o alinhamento conceitual entre os participantes, aprofundar debates estrat\u00e9gicos e criar caminhos conjuntos.<\/p>\n\n\n\n<p class=\"wp-block-paragraph\">Contudo, todo esse esfor\u00e7o correria o risco de se tornar um documento isolado sem o devido alinhamento com as a\u00e7\u00f5es em curso no pa\u00eds. Por isso, a integra\u00e7\u00e3o com as pol\u00edticas existentes foi um pilar essencial, aproveitando estruturas que j\u00e1 funcionam para encorpar a estrat\u00e9gia.<\/p>\n\n\n\n<h2 class=\"wp-block-heading\">Pr\u00f3ximos passos<\/h2>\n\n\n\n<p class=\"wp-block-paragraph\">Ap\u00f3s a publica\u00e7\u00e3o do Plano Clima, a recomenda\u00e7\u00e3o da WayCarbon para a iniciativa privada \u00e9 conhecer as diretrizes do setor correspondente. A partir da\u00ed, o desafio se desdobra em criar planos de transi\u00e7\u00e3o envolvendo a\u00e7\u00f5es de mitiga\u00e7\u00e3o e de adapta\u00e7\u00e3o. Paralelamente, para escalar o impacto da a\u00e7\u00e3o clim\u00e1tica, cabe unir esfor\u00e7os com associa\u00e7\u00f5es setoriais e buscar a aproxima\u00e7\u00e3o com o setor p\u00fablico.<\/p>\n\n\n\n<p class=\"wp-block-paragraph\">Mais do que uma agenda de conformidade, a implementa\u00e7\u00e3o do Plano Clima representa uma oportunidade real de gera\u00e7\u00e3o de valor e de reposicionamento competitivo para as empresas.<\/p>\n","protected":false},"excerpt":{"rendered":"<p>Lan\u00e7ado em mar\u00e7o de 2026, o Plano Clima \u00e9 um dos principais instrumentos operacionais do governo brasileiro para orientar a transi\u00e7\u00e3o do pa\u00eds em dire\u00e7\u00e3o a uma economia de baixo carbono. Al\u00e9m disso, estabelece diretrizes para que governos e o setor produtivo possam se adaptar aos impactos da mudan\u00e7a do clima. A WayCarbon integrou o [&hellip;]<\/p>\n","protected":false},"author":29,"featured_media":12630,"comment_status":"closed","ping_status":"closed","sticky":false,"template":"","format":"standard","meta":{"_acf_changed":false,"footnotes":""},"categories":[1],"tags":[],"class_list":["post-12628","post","type-post","status-publish","format-standard","has-post-thumbnail","hentry","category-uncategorized"],"acf":[],"_links":{"self":[{"href":"https:\/\/waycarbon.com\/pt\/wp-json\/wp\/v2\/posts\/12628","targetHints":{"allow":["GET"]}}],"collection":[{"href":"https:\/\/waycarbon.com\/pt\/wp-json\/wp\/v2\/posts"}],"about":[{"href":"https:\/\/waycarbon.com\/pt\/wp-json\/wp\/v2\/types\/post"}],"author":[{"embeddable":true,"href":"https:\/\/waycarbon.com\/pt\/wp-json\/wp\/v2\/users\/29"}],"replies":[{"embeddable":true,"href":"https:\/\/waycarbon.com\/pt\/wp-json\/wp\/v2\/comments?post=12628"}],"version-history":[{"count":1,"href":"https:\/\/waycarbon.com\/pt\/wp-json\/wp\/v2\/posts\/12628\/revisions"}],"predecessor-version":[{"id":12629,"href":"https:\/\/waycarbon.com\/pt\/wp-json\/wp\/v2\/posts\/12628\/revisions\/12629"}],"wp:featuredmedia":[{"embeddable":true,"href":"https:\/\/waycarbon.com\/pt\/wp-json\/wp\/v2\/media\/12630"}],"wp:attachment":[{"href":"https:\/\/waycarbon.com\/pt\/wp-json\/wp\/v2\/media?parent=12628"}],"wp:term":[{"taxonomy":"category","embeddable":true,"href":"https:\/\/waycarbon.com\/pt\/wp-json\/wp\/v2\/categories?post=12628"},{"taxonomy":"post_tag","embeddable":true,"href":"https:\/\/waycarbon.com\/pt\/wp-json\/wp\/v2\/tags?post=12628"}],"curies":[{"name":"wp","href":"https:\/\/api.w.org\/{rel}","templated":true}]}}