{"id":12326,"date":"2026-08-31T13:27:56","date_gmt":"2026-08-31T16:27:56","guid":{"rendered":"https:\/\/waycarbon.com\/es\/?p=12326"},"modified":"2026-08-31T13:27:57","modified_gmt":"2026-08-31T16:27:57","slug":"plano-clima-de-brasil-lecciones-practicas-para-empresas-y-gobiernos","status":"publish","type":"post","link":"https:\/\/waycarbon.com\/es\/blog\/plano-clima-de-brasil-lecciones-practicas-para-empresas-y-gobiernos\/","title":{"rendered":"Plano Clima de Brasil: lecciones pr\u00e1cticas para empresas y gobiernos"},"content":{"rendered":"\n<p class=\"wp-block-paragraph\">Lanzado en marzo de 2026, el Plano Clima es uno de los principales instrumentos operativos del Gobierno brasile\u00f1o para orientar la transici\u00f3n del pa\u00eds hacia una econom\u00eda con bajas emisiones de carbono. Adem\u00e1s, establece directrices para que los gobiernos y el sector productivo puedan adaptarse a los impactos del cambio clim\u00e1tico.<\/p>\n\n\n\n<p class=\"wp-block-paragraph\">WayCarbon form\u00f3 parte del grupo de consultoras encargadas del apoyo t\u00e9cnico al Plano Clima, actuando en dos frentes:<\/p>\n\n\n\n<ul class=\"wp-block-list\">\n<li>Estructuraci\u00f3n del Plan de Adaptaci\u00f3n Sectorial de la Industria y la Miner\u00eda, contribuyendo a la identificaci\u00f3n de riesgos y a la definici\u00f3n de indicadores y medidas de adaptaci\u00f3n;<\/li>\n\n\n\n<li> Desarrollo de las estrategias transversales para la acci\u00f3n clim\u00e1tica en materia de educaci\u00f3n, formaci\u00f3n, investigaci\u00f3n, desarrollo e innovaci\u00f3n, as\u00ed como de los medios de implementaci\u00f3n.<\/li>\n<\/ul>\n\n\n\n<p class=\"wp-block-paragraph\">En los \u00e1mbitos mencionados, hemos llevado a cabo diagn\u00f3sticos, entrevistas y la sistematizaci\u00f3n de las medidas sectoriales del Plano. Este art\u00edculo comparte las principales lecciones aprendidas a lo largo de este proceso, adem\u00e1s de destacar c\u00f3mo las empresas, los municipios y los estados pueden transformar las directrices del Plan en oportunidades pr\u00e1cticas de actuaci\u00f3n.<\/p>\n\n\n\n<h2 class=\"wp-block-heading\">Directrices para el sector p\u00fablico<\/h2>\n\n\n\n<p class=\"wp-block-paragraph\">El Plano Clima sirve de gu\u00eda para los estados y municipios que a\u00fan no cuentan con un Plan de Acci\u00f3n Clim\u00e1tica. Ofrece un punto de partida al identificar riesgos, sugerir medidas y definir la gobernanza, las responsabilidades y el acceso a la informaci\u00f3n. Adem\u00e1s, refuerza la integraci\u00f3n entre sectores y orienta una agenda basada en principios como el desarrollo sostenible y la justicia clim\u00e1tica.<\/p>\n\n\n\n<p class=\"wp-block-paragraph\">Cabe destacar que la iniciativa tambi\u00e9n incluir\u00e1 una s\u00f3lida estrategia de seguimiento de indicadores, elemento esencial para el \u00e9xito de cualquier acci\u00f3n clim\u00e1tica.<\/p>\n\n\n\n<h2 class=\"wp-block-heading\">\u00bfPor qu\u00e9 es importante para el sector privado?<\/h2>\n\n\n\n<p class=\"wp-block-paragraph\">Aunque se trata de una iniciativa p\u00fablica, la elaboraci\u00f3n del Plano cont\u00f3 con una fuerte colaboraci\u00f3n del sector productivo. A trav\u00e9s de asociaciones sectoriales y de aportacione en marcos estrat\u00e9gicos, como las consultas p\u00fablicas, las empresas participaron activamente en el proceso.<\/p>\n\n\n\n<p class=\"wp-block-paragraph\">Como columna vertebral de la agenda clim\u00e1tica nacional, el Plano orienta las acciones de diversos sectores, como el transporte y la agricultura, para que reduzcan sus emisiones de gases de efecto invernadero, en consonancia con la NDC brasile\u00f1a, adem\u00e1s de consolidar iniciativas de adaptaci\u00f3n para el pa\u00eds.<\/p>\n\n\n\n<p class=\"wp-block-paragraph\">El trabajo tambi\u00e9n contextualiza los principales riesgos clim\u00e1ticos a los que est\u00e1 expuesto cada sector, adem\u00e1s de ofrecer informaci\u00f3n sobre los retos y los objetivos de los sectores relacionados con la cadena de valor. Esto permite, por ejemplo, que las empresas con un uso intensivo de energ\u00eda o agua comprendan mejor c\u00f3mo se est\u00e1n preparando estos sectores para los futuros escenarios de cambio clim\u00e1tico y ajusten sus propias estrategias.<\/p>\n\n\n\n<p class=\"wp-block-paragraph\">Adem\u00e1s, muchas acciones se llevar\u00e1n a cabo a nivel local, lo que hace que la participaci\u00f3n del sector privado sea esencial, tanto en la implementaci\u00f3n como en la financiaci\u00f3n de las soluciones. Cabe destacar que las empresas est\u00e1n presentes en los territorios y pueden actuar de forma integrada con el sector p\u00fablico, generando escala y acelerando los resultados.<\/p>\n\n\n\n<h2 class=\"wp-block-heading\">Retos y aprendizajes<\/h2>\n\n\n\n<p class=\"wp-block-paragraph\">Uno de los principales aciertos del Plano fue la coordinaci\u00f3n interministerial, en la que participaron 25 ministerios bajo la coordinaci\u00f3n de la Casa Civil, do Minist\u00e9rio do Meio Ambiente e Mudan\u00e7a do Clima, el Ministerio de Medio Ambiente y Cambio Clim\u00e1tico de Brasil, en colaboraci\u00f3n con el Minist\u00e9rio da Ci\u00eancia, Tecnologia e Inova\u00e7\u00e3o (MCTI), Ministerio de Ciencia, Tecnolog\u00eda e Innovaci\u00f3n de Brasil.<\/p>\n\n\n\n<p class=\"wp-block-paragraph\">Si, por un lado, la pluralidad de perspectivas fue indispensable para la solidez del Plano, por otro exigi\u00f3 un esfuerzo significativo de coordinaci\u00f3n. En este contexto, las fases de formaci\u00f3n fueron cruciales. A trav\u00e9s de talleres, se logr\u00f3 garantizar la armonizaci\u00f3n conceptual entre los participantes, profundizar en los debates estrat\u00e9gicos y trazar v\u00edas conjuntas.<\/p>\n\n\n\n<p class=\"wp-block-paragraph\">Sin embargo, todo este esfuerzo correr\u00eda el riesgo de convertirse en un documento aislado sin la debida alineaci\u00f3n con las acciones en curso en el pa\u00eds. Por ello, la integraci\u00f3n con las pol\u00edticas existentes fue un pilar esencial, aprovechando las estructuras que ya funcionan para incorporar la estrategia.<\/p>\n\n\n\n<h2 class=\"wp-block-heading\">Pr\u00f3ximos pasos<\/h2>\n\n\n\n<p class=\"wp-block-paragraph\">Tras la publicaci\u00f3n del Plano Clima, la recomendaci\u00f3n de WayCarbon para el sector privado es conocer las directrices del sector correspondiente. A partir de ah\u00ed, el reto consiste en elaborar planes de transici\u00f3n que incluyan medidas de mitigaci\u00f3n y adaptaci\u00f3n.<\/p>\n\n\n\n<p class=\"wp-block-paragraph\">Paralelamente, para ampliar el impacto de la acci\u00f3n clim\u00e1tica, conviene aunar esfuerzos con las asociaciones sectoriales y buscar la colaboraci\u00f3n con el sector p\u00fablico.<\/p>\n\n\n\n<p class=\"wp-block-paragraph\">M\u00e1s all\u00e1 de una agenda de cumplimiento normativo, la implementaci\u00f3n del Plano Clima representa una oportunidad real de generaci\u00f3n de valor y de reposicionamiento competitivo para las empresas.<\/p>\n","protected":false},"excerpt":{"rendered":"<p>Lanzado en marzo de 2026, el Plano Clima es uno de los principales instrumentos operativos del Gobierno brasile\u00f1o para orientar la transici\u00f3n del pa\u00eds hacia una econom\u00eda con bajas emisiones de carbono. Adem\u00e1s, establece directrices para que los gobiernos y el sector productivo puedan adaptarse a los impactos del cambio clim\u00e1tico. WayCarbon form\u00f3 parte del [&hellip;]<\/p>\n","protected":false},"author":29,"featured_media":12327,"comment_status":"closed","ping_status":"closed","sticky":false,"template":"","format":"standard","meta":{"_acf_changed":false,"footnotes":""},"categories":[1],"tags":[],"class_list":["post-12326","post","type-post","status-publish","format-standard","has-post-thumbnail","hentry","category-uncategorized"],"acf":[],"_links":{"self":[{"href":"https:\/\/waycarbon.com\/es\/wp-json\/wp\/v2\/posts\/12326","targetHints":{"allow":["GET"]}}],"collection":[{"href":"https:\/\/waycarbon.com\/es\/wp-json\/wp\/v2\/posts"}],"about":[{"href":"https:\/\/waycarbon.com\/es\/wp-json\/wp\/v2\/types\/post"}],"author":[{"embeddable":true,"href":"https:\/\/waycarbon.com\/es\/wp-json\/wp\/v2\/users\/29"}],"replies":[{"embeddable":true,"href":"https:\/\/waycarbon.com\/es\/wp-json\/wp\/v2\/comments?post=12326"}],"version-history":[{"count":5,"href":"https:\/\/waycarbon.com\/es\/wp-json\/wp\/v2\/posts\/12326\/revisions"}],"predecessor-version":[{"id":12332,"href":"https:\/\/waycarbon.com\/es\/wp-json\/wp\/v2\/posts\/12326\/revisions\/12332"}],"wp:featuredmedia":[{"embeddable":true,"href":"https:\/\/waycarbon.com\/es\/wp-json\/wp\/v2\/media\/12327"}],"wp:attachment":[{"href":"https:\/\/waycarbon.com\/es\/wp-json\/wp\/v2\/media?parent=12326"}],"wp:term":[{"taxonomy":"category","embeddable":true,"href":"https:\/\/waycarbon.com\/es\/wp-json\/wp\/v2\/categories?post=12326"},{"taxonomy":"post_tag","embeddable":true,"href":"https:\/\/waycarbon.com\/es\/wp-json\/wp\/v2\/tags?post=12326"}],"curies":[{"name":"wp","href":"https:\/\/api.w.org\/{rel}","templated":true}]}}